{"id":4366309,"date":"2025-11-11T16:57:21","date_gmt":"2025-11-11T14:57:21","guid":{"rendered":"https:\/\/www.deptagency.com\/?post_type=article&#038;p=4366309"},"modified":"2025-11-25T21:48:24","modified_gmt":"2025-11-25T19:48:24","slug":"frederick-braake-startet-als-strategy-director-bei-dept","status":"publish","type":"article","link":"https:\/\/www.deptagency.com\/de-dach\/insight\/frederick-braake-startet-als-strategy-director-bei-dept\/","title":{"rendered":"Frederick Braake startet als Strategy Director bei DEPT\u00ae"},"content":{"rendered":"<div class=\"block-insight-intro\">\n\t<div\n\t\tclass=\"block-insight-intro__meta\"\n\t\tdata-animation=\"scale-fade\">\n\t\t<div\t\t\tclass=\"block-insight-intro__badge bg-refreshed-cyan\"\n\t\t\t>\n\t\t\t<svg xmlns='http:\/\/www.w3.org\/2000\/svg' width='16' height='16' viewBox='0 0 16 16' fill='none'><mask id='3a72ca2e-6927-4b14-9d63-99a32ea39227' style='mask-type:alpha' maskUnits='userSpaceOnUse' x='0' y='0' width='16' height='16'><path fill='#D9D9D9' stroke='#fff' d='M.5.5h15v15H.5z'\/><\/mask><g mask='url(#3a72ca2e-6927-4b14-9d63-99a32ea39227)'><path d='M4.167 11.167H8.5v-1H4.167v1Zm6.666 0h1V4.834h-1v6.333ZM4.167 8.5H8.5v-1H4.167v1Zm0-2.667H8.5v-1H4.167v1Zm-1.295 7.834c-.337 0-.622-.117-.855-.35a1.163 1.163 0 0 1-.35-.855V3.539c0-.337.116-.622.35-.856.233-.233.518-.35.855-.35h10.256c.337 0 .622.117.855.35.234.234.35.519.35.856v8.923c0 .336-.116.622-.35.855-.233.233-.518.35-.855.35H2.872Zm0-1h10.256a.196.196 0 0 0 .141-.064.196.196 0 0 0 .064-.141V3.539a.196.196 0 0 0-.064-.141.195.195 0 0 0-.14-.065H2.871a.196.196 0 0 0-.141.065.196.196 0 0 0-.064.14v8.924c0 .051.021.098.064.14.043.043.09.065.14.065Z' fill='currentColor'\/><path d='M2.667 12.667V3.333m1.5 7.834H8.5v-1H4.167v1Zm6.666 0h1V4.834h-1v6.333ZM4.167 8.5H8.5v-1H4.167v1Zm0-2.667H8.5v-1H4.167v1Zm-1.295 7.834c-.337 0-.622-.117-.855-.35a1.163 1.163 0 0 1-.35-.855V3.539c0-.337.116-.622.35-.856.233-.233.518-.35.855-.35h10.256c.337 0 .622.117.855.35.234.234.35.519.35.856v8.923c0 .336-.116.622-.35.855-.233.233-.518.35-.855.35H2.872Zm0-1h10.256a.196.196 0 0 0 .141-.064.196.196 0 0 0 .064-.141V3.539a.196.196 0 0 0-.064-.141.195.195 0 0 0-.14-.065H2.871a.196.196 0 0 0-.141.065.196.196 0 0 0-.064.14v8.924c0 .051.021.098.064.14.043.043.09.065.14.065Z' stroke='currentColor' stroke-width='0.25' fill='none'\/><\/g><\/svg>\t\t\t<span class=\"text-sans-14\">\n\t\t\t\tArtikel\t\t\t<\/span>\n\t\t<\/div>\n\t<\/div>\n\t<h1\tclass=\"text text-sans-60 block-insight-intro__title\"\n\tdata-animation=\"slide\" data-animation-target=\"words\" >Frederick Braake startet als Strategy Director bei DEPT\u00ae<\/h1><div class=\"author block-insight-intro__author\" data-animation=\"slide-fade\">\n\t\t\t<img\n\t\t\tclass=\"author__portrait\"\n\t\t\tsrc=\"https:\/\/www.deptagency.com\/wp-content\/uploads\/2024\/04\/Ines-Saraiva-150x150.jpeg\"\n\t\t\talt=\"In\u00eas Saraiva\"\n\t\t\/>\n\t\n\t<div class=\"author__text\">\n\t\tIn\u00eas Saraiva\t\t<br \/>\n\t\tGlobal Communications &amp; PR Director\n\t\t\t<\/div>\n<\/div>\n\t<div class=\"block-insight-intro__insight-meta\" data-animation=\"slide-fade\">\n\t\t\t\t\t<div class=\"block-insight-intro__insight-meta-item\">\n\t\t\t\t<span class=\"block-insight-intro__insight-meta-label\">\n\t\t\t\t\tDatum\t\t\t\t<\/span>\n\t\t\t\t<span>\n\t\t\t\t\tNovember 11, 2025\t\t\t\t<\/span>\n\t\t\t<\/div>\n\t\t\t<\/div>\n\n\t<img\n\t\tsrc=\"https:\/\/www.deptagency.com\/wp-content\/uploads\/2025\/11\/Frederick-Braake-1920x1080-1.webp\"\n\t\talt=\"Frederick Braake startet als Strategy Director bei DEPT\u00ae\"\n\t\tclass=\"block-insight-intro__featured-image\"\n\t\tdata-animation=\"scale-fade\">\n<\/div>\n\n<div\n\tclass=\"block-assets-and-copy js-block-assets-and-copy\"\n\tdata-variant=\"copy-only\"\n\tdata-content-align=\"start\"\n>\n\t<p\tclass=\"text text-sans-48 block-assets-and-copy__title\"\n\tdata-animation=\"slide\" data-animation-target=\"words\" >Die globale Digitalagentur DEPT\u00ae hat Frederick Braake zum Strategy Director ernannt. <\/p><div\tdata-animation=\"slide-fade\" data-animation-target=\"inner-items-separate\" data-animation-delay=\"0.15\" data-animation-stagger=\"0.2\" class=\"block-assets-and-copy__content\" >\n\t<p\tclass=\"text text-sans-24 block-assets-and-copy__text\"\n\t>Von den Standorten Hamburg und Berlin aus wird Frederick das lokale Strategieteam f\u00fcr den Kreativbereich leiten. Er wird die strategische Arbeit f\u00fcr Kund:innen wie WERO, Hyundai und BSH mitgestalten sowie bei New Business Pitches unterst\u00fctzen.<\/p><\/div>\n\t\n\t<\/div>\n\n<div\n\tclass=\"block-assets-and-copy js-block-assets-and-copy\"\n\tdata-variant=\"copy-only\"\n\tdata-content-align=\"center\"\n>\n\t<div\tdata-animation=\"slide-fade\" data-animation-target=\"inner-items-separate\" data-animation-delay=\"0.15\" data-animation-stagger=\"0.2\" class=\"block-assets-and-copy__content\" >\n\t<p\tclass=\"text text-sans-24 block-assets-and-copy__text\"\n\t>Frederick bringt mehr als zehn Jahre Erfahrung in den Bereichen Creative Strategy, Cultural Marketing und strategische Beratung mit. Zuletzt als Strategy Director bei Accenture SONG t\u00e4tig, verbrachte er den Gro\u00dfteil seiner Karriere bei Jung von Matt und Jung von Matt NERD, wo er Kampagnen f\u00fcr globale Marken wie Spotify, MINI, BMW und Paramount entwickelte.<br><br>Zu seinen bemerkenswerten Projekten geh\u00f6ren Spotifys #PressPlay-Kampagne, MINI x Pok\u00e9mon auf der Gamescom, BMWs 7er-Reihe \u201eThis is Forwardism&#8221;-Kampagne und Paramounts PlutoTV \u201eStream dich durch Raum und Zeit&#8221;. F\u00fcr seine Arbeiten wurde er mehrfach mit Branchenpreisen ausgezeichnet, und er war bereits als Dozent f\u00fcr Markenstrategie an der Brand University of Applied Sciences in Hamburg t\u00e4tig.<br><br>In seiner neuen Position berichtet Frederick Braake an Rens Verweij, VP of Creative Strategy Europe und Head of Strategy DACH. Sein Ziel: Strategien entwickeln, die zu kulturellen Momenten werden und echte Wirkung entfalten, indem er Daten, Technologie und KI mit mutigen Ideen verbindet und eine Teamkultur f\u00f6rdert, die von Kreativit\u00e4t lebt. Durch die Verzahnung der Creative-, Media- und Influencer-Expertise von DEPT\u00ae will er die Agentur als f\u00fchrend in moderner Strategiearbeit positionieren \u2013 dort, wo Insights zur Handlung werden und Marken authentisch an Kultur andocken.<\/p><\/div>\n\t\n\t<\/div>\n\n<blockquote class=\"block-case-quote\" data-animation-timeline>\n\t<span class=\"text-sans-20-24\" data-animation=\"fade\" data-timeline-item=\"1\">\u201c<\/span>\n\t<p\tclass=\"text text-sans-24 block-case-quote__title\"\n\tdata-animation=\"slide\" data-animation-target=\"words\" data-timeline-item=\"2\" data-timeline-at=\"&lt;\" >Was mich an DEPT\u00ae begeistert hat, ist der echte Optimismus \u2013 das Gef\u00fchl, dass das Beste noch kommt. Alle, die ich im Bewerbungsprozess kennengelernt habe, waren nicht nur offen, sondern auch wirklich smart. Ich freue mich darauf, meine Erfahrung und Energie einzubringen, um hier gemeinsam etwas Besonderes aufzubauen.<\/p>\t<br \/>\n\t<span class=\"text-sans-20-24\" data-animation=\"fade\" data-timeline-item=\"3\" data-timeline-at=\"-0.5\">\u201d<\/span>\n\n\t<p\tclass=\"text text-sans-16 block-case-quote__text\"\n\tdata-animation=\"slide\" data-animation-target=\"words\" data-animation-stagger=\"0.015\" data-timeline-item=\"4\" data-timeline-at=\"-0.5\" >Frederick Braake, Strategy Director bei DEPT\u00ae<\/p><\/blockquote>\n\n<div\n\tclass=\"block-assets-and-copy js-block-assets-and-copy\"\n\tdata-variant=\"copy-only\"\n\tdata-content-align=\"start\"\n>\n\t<div\tdata-animation=\"slide-fade\" data-animation-target=\"inner-items-separate\" data-animation-delay=\"0.15\" data-animation-stagger=\"0.2\" class=\"block-assets-and-copy__content\" >\n\t<p\tclass=\"text text-sans-24 block-assets-and-copy__text\"\n\t>Fredericks Einstieg folgt auf die j\u00fcngsten Investitionen von DEPT\u00ae in strategische und kreative F\u00fchrungspositionen im DACH-Raum, darunter die Ernennung von K\u00e4the Lisson zur Executive Creative Director. Diese Entwicklungen unterstreichen die Positionierung der Agentur als <em>Growth Invention Company<\/em> \u2013 geschaffen, um ambitionierten Marken zu helfen, schneller zu wachsen. In der DACH-Region verzeichnet DEPT\u00ae derzeit starkes Wachstum mit Kund:innen wie EPI\/WERO, Lufthansa, Miles &amp; More und The Vegetarian Butcher.<br><br><\/p><\/div>\n\t\n\t<\/div>\n\n<div class=\"block-custom-listing\">\n\t<h2\tclass=\"text text-sans-92 block-custom-listing__title is-bold-sans\"\n\tdata-animation=\"slide\" data-animation-target=\"words\" data-animation-stagger=\"0.015\" >ON OUR <span class=\"is-fancy-serif\">MIND<\/span><\/h2><a\tclass=\"button-v2 text-sans-16 is-outline block-custom-listing__cta\" data-animation=\"slide-fade\" data-animation-delay=\"0.75\" href=\"https:\/\/deptagency.com\/de-dach\/insights\" target=\"_blank\" rel=\"&quot;noopener noreferrer&quot;\" >\n\tALLE INSIGHTS ANSEHEN<\/a>\n\t<div\n\t\tclass=\"block-custom-listing__items\"\n\t\tdata-animation=\"fade\"\n\t\tdata-animation-target=\"inner-items-separate\"\n\t\tdata-animation-delay=\"0.25\"\n\t\tdata-animation-stagger=\"0.1\">\n\t\t<a\n\tclass=\"listing-card-v2 is-four-five\" href=\"https:\/\/www.deptagency.com\/de-dach\/insight\/dept-ist-webby-agency-network-of-the-year\/\" >\n\t\t\t<div class=\"listing-card-v2__media-container\">\n\t\t\t<picture class=\"listing-card-v2__image-picture\">\n\t\t\t\t\t\t\t\t<img decoding=\"async\" class=\"listing-card-v2__image\" src=\"https:\/\/www.deptagency.com\/wp-content\/uploads\/2026\/04\/webby-winners-dept-2026.webp\" alt=\"\">\n\t\t\t<\/picture>\n\t\t\t\t\t<\/div>\n\t\n\t<div class=\"listing-card-v2__meta\">\n\t\t<div class=\"listing-card-v2__type-tag text-sans-14\" style=\"--background-color: var(--global-colors-refreshed-yellow\">\n\t\t\t<div aria-hidden=\"true\">\n\t\t\t\t<svg xmlns='http:\/\/www.w3.org\/2000\/svg' width='16' height='16' viewBox='0 0 16 16' fill='none'><path d='M4.166 11.167h4.333v-1H4.166v1Zm6.667 0h1V4.834h-1v6.333ZM4.166 8.501h4.333v-1H4.166v1Zm0-2.667h4.333v-1H4.166v1Zm-1.295 7.833a1.16 1.16 0 0 1-.855-.35 1.163 1.163 0 0 1-.35-.855V3.54c0-.337.117-.622.35-.855.233-.233.518-.35.855-.35h10.256c.337 0 .622.117.856.35.233.233.35.518.35.855v8.923c0 .337-.117.622-.35.855-.234.234-.519.35-.856.35H2.871Zm0-1h10.256a.196.196 0 0 0 .141-.064.196.196 0 0 0 .065-.14V3.538a.196.196 0 0 0-.065-.14.195.195 0 0 0-.14-.065H2.87a.196.196 0 0 0-.14.064.196.196 0 0 0-.065.141v8.923c0 .052.021.098.064.141.043.043.09.064.141.064Z' fill='currentColor'\/><path d='M2.666 12.667V3.334m1.5 7.833h4.333v-1H4.166v1Zm6.667 0h1V4.834h-1v6.333ZM4.166 8.501h4.333v-1H4.166v1Zm0-2.667h4.333v-1H4.166v1Zm-1.295 7.833a1.16 1.16 0 0 1-.855-.35 1.163 1.163 0 0 1-.35-.855V3.54c0-.337.117-.622.35-.855.233-.233.518-.35.855-.35h10.256c.337 0 .622.117.856.35.233.233.35.518.35.855v8.923c0 .337-.117.622-.35.855-.234.234-.519.35-.856.35H2.871Zm0-1h10.256a.196.196 0 0 0 .141-.064.196.196 0 0 0 .065-.14V3.538a.196.196 0 0 0-.065-.14.195.195 0 0 0-.14-.065H2.87a.196.196 0 0 0-.14.064.196.196 0 0 0-.065.141v8.923c0 .052.021.098.064.141.043.043.09.064.141.064Z' stroke='currentColor' stroke-width='0.25' fill='none'\/><\/svg>\t\t\t<\/div>\n\n\t\t\t<span>\n\t\t\t\tInsight\t\t\t<\/span>\n\t\t<\/div>\n\n\t\t\t\t\t<ul class=\"listing-card-v2__tags text-sans-16\" role=\"presentation\">\n\t\t\t\t<li\tclass=\"listing-card-v2__tag\" >\n\t<span aria-hidden='true'>(<\/span>&nbsp;<span>News<\/span>&nbsp;<span aria-hidden='true'>)<\/span><\/li>\t\t\t<\/ul>\n\t\t\n\t\t<p\tclass=\"text text-sans-24 listing-card-v2__title\"\n\t>DEPT\u00ae ist Webby \u201eAgency &amp; Network of the Year\u201c 2026<\/p>\t<\/div>\n\n\t<\/a><a\n\tclass=\"listing-card-v2 is-four-five\" href=\"https:\/\/www.deptagency.com\/de-dach\/insight\/dept-bringt-growth-invention-auf-die-webby-shortlists\/\" >\n\t\t\t<div class=\"listing-card-v2__media-container\">\n\t\t\t<picture class=\"listing-card-v2__image-picture\">\n\t\t\t\t\t\t\t\t<img decoding=\"async\" class=\"listing-card-v2__image\" src=\"https:\/\/www.deptagency.com\/wp-content\/uploads\/2026\/03\/webbys-2026-dept-long.webp\" alt=\"\">\n\t\t\t<\/picture>\n\t\t\t\t\t<\/div>\n\t\n\t<div class=\"listing-card-v2__meta\">\n\t\t<div class=\"listing-card-v2__type-tag text-sans-14\" style=\"--background-color: var(--global-colors-refreshed-yellow\">\n\t\t\t<div aria-hidden=\"true\">\n\t\t\t\t<svg xmlns='http:\/\/www.w3.org\/2000\/svg' width='16' height='16' viewBox='0 0 16 16' fill='none'><path d='M4.166 11.167h4.333v-1H4.166v1Zm6.667 0h1V4.834h-1v6.333ZM4.166 8.501h4.333v-1H4.166v1Zm0-2.667h4.333v-1H4.166v1Zm-1.295 7.833a1.16 1.16 0 0 1-.855-.35 1.163 1.163 0 0 1-.35-.855V3.54c0-.337.117-.622.35-.855.233-.233.518-.35.855-.35h10.256c.337 0 .622.117.856.35.233.233.35.518.35.855v8.923c0 .337-.117.622-.35.855-.234.234-.519.35-.856.35H2.871Zm0-1h10.256a.196.196 0 0 0 .141-.064.196.196 0 0 0 .065-.14V3.538a.196.196 0 0 0-.065-.14.195.195 0 0 0-.14-.065H2.87a.196.196 0 0 0-.14.064.196.196 0 0 0-.065.141v8.923c0 .052.021.098.064.141.043.043.09.064.141.064Z' fill='currentColor'\/><path d='M2.666 12.667V3.334m1.5 7.833h4.333v-1H4.166v1Zm6.667 0h1V4.834h-1v6.333ZM4.166 8.501h4.333v-1H4.166v1Zm0-2.667h4.333v-1H4.166v1Zm-1.295 7.833a1.16 1.16 0 0 1-.855-.35 1.163 1.163 0 0 1-.35-.855V3.54c0-.337.117-.622.35-.855.233-.233.518-.35.855-.35h10.256c.337 0 .622.117.856.35.233.233.35.518.35.855v8.923c0 .337-.117.622-.35.855-.234.234-.519.35-.856.35H2.871Zm0-1h10.256a.196.196 0 0 0 .141-.064.196.196 0 0 0 .065-.14V3.538a.196.196 0 0 0-.065-.14.195.195 0 0 0-.14-.065H2.87a.196.196 0 0 0-.14.064.196.196 0 0 0-.065.141v8.923c0 .052.021.098.064.141.043.043.09.064.141.064Z' stroke='currentColor' stroke-width='0.25' fill='none'\/><\/svg>\t\t\t<\/div>\n\n\t\t\t<span>\n\t\t\t\tInsight\t\t\t<\/span>\n\t\t<\/div>\n\n\t\t\t\t\t<ul class=\"listing-card-v2__tags text-sans-16\" role=\"presentation\">\n\t\t\t\t<li\tclass=\"listing-card-v2__tag\" >\n\t<span aria-hidden='true'>(<\/span>&nbsp;<span>News<\/span>&nbsp;<span aria-hidden='true'>)<\/span><\/li>\t\t\t<\/ul>\n\t\t\n\t\t<p\tclass=\"text text-sans-24 listing-card-v2__title\"\n\t>DEPT\u00ae bringt Growth Invention mit 20 Nominierungen auf die Webby Shortlist<\/p>\t<\/div>\n\n\t<\/a><a\n\tclass=\"listing-card-v2 is-four-five\" href=\"https:\/\/www.deptagency.com\/de-dach\/insight\/dept-ernennt-roy-armale-chief-product-officer\/\" >\n\t\t\t<div class=\"listing-card-v2__media-container\">\n\t\t\t<picture class=\"listing-card-v2__image-picture\">\n\t\t\t\t\t\t\t\t<img decoding=\"async\" class=\"listing-card-v2__image\" src=\"https:\/\/www.deptagency.com\/wp-content\/uploads\/2026\/03\/Roy-Armale-Inisght-1080x1350-1.webp\" alt=\"\">\n\t\t\t<\/picture>\n\t\t\t\t\t<\/div>\n\t\n\t<div class=\"listing-card-v2__meta\">\n\t\t<div class=\"listing-card-v2__type-tag text-sans-14\" style=\"--background-color: var(--global-colors-refreshed-yellow\">\n\t\t\t<div aria-hidden=\"true\">\n\t\t\t\t<svg xmlns='http:\/\/www.w3.org\/2000\/svg' width='16' height='16' viewBox='0 0 16 16' fill='none'><path d='M4.166 11.167h4.333v-1H4.166v1Zm6.667 0h1V4.834h-1v6.333ZM4.166 8.501h4.333v-1H4.166v1Zm0-2.667h4.333v-1H4.166v1Zm-1.295 7.833a1.16 1.16 0 0 1-.855-.35 1.163 1.163 0 0 1-.35-.855V3.54c0-.337.117-.622.35-.855.233-.233.518-.35.855-.35h10.256c.337 0 .622.117.856.35.233.233.35.518.35.855v8.923c0 .337-.117.622-.35.855-.234.234-.519.35-.856.35H2.871Zm0-1h10.256a.196.196 0 0 0 .141-.064.196.196 0 0 0 .065-.14V3.538a.196.196 0 0 0-.065-.14.195.195 0 0 0-.14-.065H2.87a.196.196 0 0 0-.14.064.196.196 0 0 0-.065.141v8.923c0 .052.021.098.064.141.043.043.09.064.141.064Z' fill='currentColor'\/><path d='M2.666 12.667V3.334m1.5 7.833h4.333v-1H4.166v1Zm6.667 0h1V4.834h-1v6.333ZM4.166 8.501h4.333v-1H4.166v1Zm0-2.667h4.333v-1H4.166v1Zm-1.295 7.833a1.16 1.16 0 0 1-.855-.35 1.163 1.163 0 0 1-.35-.855V3.54c0-.337.117-.622.35-.855.233-.233.518-.35.855-.35h10.256c.337 0 .622.117.856.35.233.233.35.518.35.855v8.923c0 .337-.117.622-.35.855-.234.234-.519.35-.856.35H2.871Zm0-1h10.256a.196.196 0 0 0 .141-.064.196.196 0 0 0 .065-.14V3.538a.196.196 0 0 0-.065-.14.195.195 0 0 0-.14-.065H2.87a.196.196 0 0 0-.14.064.196.196 0 0 0-.065.141v8.923c0 .052.021.098.064.141.043.043.09.064.141.064Z' stroke='currentColor' stroke-width='0.25' fill='none'\/><\/svg>\t\t\t<\/div>\n\n\t\t\t<span>\n\t\t\t\tInsight\t\t\t<\/span>\n\t\t<\/div>\n\n\t\t\t\t\t<ul class=\"listing-card-v2__tags text-sans-16\" role=\"presentation\">\n\t\t\t\t<li\tclass=\"listing-card-v2__tag\" >\n\t<span aria-hidden='true'>(<\/span>&nbsp;<span>News<\/span>&nbsp;<span aria-hidden='true'>)<\/span><\/li>\t\t\t<\/ul>\n\t\t\n\t\t<p\tclass=\"text text-sans-24 listing-card-v2__title\"\n\t>DEPT\u00ae ernennt Roy Armale zum Chief Product Officer, um sein Growth Invention Model weiter zu skalieren<\/p>\t<\/div>\n\n\t<\/a><a\n\tclass=\"listing-card-v2 is-four-five\" href=\"https:\/\/www.deptagency.com\/de-dach\/insight\/dept-pilotiert-fruehe-chatgpt-werbeintegration-fuer-fortune-500-marken\/\" >\n\t\t\t<div class=\"listing-card-v2__media-container\">\n\t\t\t<picture class=\"listing-card-v2__image-picture\">\n\t\t\t\t\t\t\t\t<img decoding=\"async\" class=\"listing-card-v2__image\" src=\"https:\/\/www.deptagency.com\/wp-content\/uploads\/2026\/03\/DEPTxChatGPT_Logo_1000x1200-1.png\" alt=\"\">\n\t\t\t<\/picture>\n\t\t\t\t\t<\/div>\n\t\n\t<div class=\"listing-card-v2__meta\">\n\t\t<div class=\"listing-card-v2__type-tag text-sans-14\" style=\"--background-color: var(--global-colors-refreshed-yellow\">\n\t\t\t<div aria-hidden=\"true\">\n\t\t\t\t<svg xmlns='http:\/\/www.w3.org\/2000\/svg' width='16' height='16' viewBox='0 0 16 16' fill='none'><path d='M4.166 11.167h4.333v-1H4.166v1Zm6.667 0h1V4.834h-1v6.333ZM4.166 8.501h4.333v-1H4.166v1Zm0-2.667h4.333v-1H4.166v1Zm-1.295 7.833a1.16 1.16 0 0 1-.855-.35 1.163 1.163 0 0 1-.35-.855V3.54c0-.337.117-.622.35-.855.233-.233.518-.35.855-.35h10.256c.337 0 .622.117.856.35.233.233.35.518.35.855v8.923c0 .337-.117.622-.35.855-.234.234-.519.35-.856.35H2.871Zm0-1h10.256a.196.196 0 0 0 .141-.064.196.196 0 0 0 .065-.14V3.538a.196.196 0 0 0-.065-.14.195.195 0 0 0-.14-.065H2.87a.196.196 0 0 0-.14.064.196.196 0 0 0-.065.141v8.923c0 .052.021.098.064.141.043.043.09.064.141.064Z' fill='currentColor'\/><path d='M2.666 12.667V3.334m1.5 7.833h4.333v-1H4.166v1Zm6.667 0h1V4.834h-1v6.333ZM4.166 8.501h4.333v-1H4.166v1Zm0-2.667h4.333v-1H4.166v1Zm-1.295 7.833a1.16 1.16 0 0 1-.855-.35 1.163 1.163 0 0 1-.35-.855V3.54c0-.337.117-.622.35-.855.233-.233.518-.35.855-.35h10.256c.337 0 .622.117.856.35.233.233.35.518.35.855v8.923c0 .337-.117.622-.35.855-.234.234-.519.35-.856.35H2.871Zm0-1h10.256a.196.196 0 0 0 .141-.064.196.196 0 0 0 .065-.14V3.538a.196.196 0 0 0-.065-.14.195.195 0 0 0-.14-.065H2.87a.196.196 0 0 0-.14.064.196.196 0 0 0-.065.141v8.923c0 .052.021.098.064.141.043.043.09.064.141.064Z' stroke='currentColor' stroke-width='0.25' fill='none'\/><\/svg>\t\t\t<\/div>\n\n\t\t\t<span>\n\t\t\t\tInsight\t\t\t<\/span>\n\t\t<\/div>\n\n\t\t\t\t\t<ul class=\"listing-card-v2__tags text-sans-16\" role=\"presentation\">\n\t\t\t\t<li\tclass=\"listing-card-v2__tag\" >\n\t<span aria-hidden='true'>(<\/span>&nbsp;<span>News<\/span>&nbsp;<span aria-hidden='true'>)<\/span><\/li>\t\t\t<\/ul>\n\t\t\n\t\t<p\tclass=\"text text-sans-24 listing-card-v2__title\"\n\t>DEPT\u00ae pilotiert fr\u00fche ChatGPT-Werbeintegration f\u00fcr Fortune 500-Marken<\/p>\t<\/div>\n\n\t<\/a>\t<\/div>\n<\/div>","protected":false},"excerpt":{"rendered":"","protected":false},"author":195,"featured_media":4366297,"template":"","meta":{"_acf_changed":false,"es_utils_meta_schema":"","member_job_title":"","member_linkedin_url":"","dept_alt_featured_image":{"id":4366299,"url":"https:\/\/www.deptagency.com\/wp-content\/uploads\/2025\/11\/Frederick-Braake-1080x1350-1.webp"},"dept_algolia_noindex":false,"dept_algolia_featured":false,"footnotes":""},"person":[42125],"insight-topics":[42452,42632],"class_list":["post-4366309","article","type-article","status-publish","has-post-thumbnail","hentry"],"acf":{"dept_is_3q_page":false,"dept_insight_featured":true,"dept_current_cpt_partner":""},"yoast_head":"<!-- This site is optimized with the Yoast SEO plugin v27.3 - https:\/\/yoast.com\/product\/yoast-seo-wordpress\/ -->\n<title>Frederick Braake startet als Strategy Director bei DEPT\u00ae - DEPT\u00ae<\/title>\n<meta name=\"description\" content=\"Frederick Braake startet bei DEPT\u00ae als Strategy Director Creative DACH. Er verbindet Daten, Tech und KI f\u00fcr Strategien, die zu echten kulturellen Momenten werden.\" \/>\n<meta name=\"robots\" content=\"index, follow, max-snippet:-1, max-image-preview:large, max-video-preview:-1\" \/>\n<link rel=\"canonical\" href=\"https:\/\/www.deptagency.com\/de-dach\/insight\/frederick-braake-startet-als-strategy-director-bei-dept\/\" \/>\n<meta property=\"og:locale\" content=\"de_DE\" \/>\n<meta property=\"og:type\" content=\"article\" \/>\n<meta property=\"og:title\" content=\"Frederick Braake startet als Strategy Director bei DEPT\u00ae - DEPT\u00ae\" \/>\n<meta property=\"og:description\" content=\"Frederick Braake startet bei DEPT\u00ae als Strategy Director Creative DACH. Er verbindet Daten, Tech und KI f\u00fcr Strategien, die zu echten kulturellen Momenten werden.\" \/>\n<meta property=\"og:url\" content=\"https:\/\/www.deptagency.com\/de-dach\/insight\/frederick-braake-startet-als-strategy-director-bei-dept\/\" \/>\n<meta property=\"og:site_name\" content=\"DEPT\u00ae\" \/>\n<meta property=\"article:modified_time\" content=\"2025-11-25T19:48:24+00:00\" \/>\n<meta property=\"og:image\" content=\"https:\/\/www.deptagency.com\/wp-content\/uploads\/2025\/11\/Frederick-Braake-1920x1080-1.webp\" \/>\n\t<meta property=\"og:image:width\" content=\"1920\" \/>\n\t<meta property=\"og:image:height\" content=\"1080\" \/>\n\t<meta property=\"og:image:type\" content=\"image\/webp\" \/>\n<meta name=\"twitter:card\" content=\"summary_large_image\" \/>\n<meta name=\"twitter:label1\" content=\"Est. reading time\" \/>\n\t<meta name=\"twitter:data1\" content=\"1 minute\" \/>\n<script type=\"application\/ld+json\" class=\"yoast-schema-graph\">{\"@context\":\"https:\\\/\\\/schema.org\",\"@graph\":[{\"@type\":\"Article\",\"@id\":\"https:\\\/\\\/www.deptagency.com\\\/de-dach\\\/insight\\\/frederick-braake-startet-als-strategy-director-bei-dept\\\/#article\",\"isPartOf\":{\"@id\":\"https:\\\/\\\/www.deptagency.com\\\/de-dach\\\/insight\\\/frederick-braake-startet-als-strategy-director-bei-dept\\\/\"},\"author\":{\"name\":\"Federico Ponce\",\"@id\":\"https:\\\/\\\/www.deptagency.com\\\/en-uki\\\/#\\\/schema\\\/person\\\/a7843a24860ae3630cabe04769bb49dc\"},\"headline\":\"Frederick Braake startet als Strategy Director bei DEPT\u00ae\",\"datePublished\":\"2025-11-11T14:57:21+00:00\",\"dateModified\":\"2025-11-25T19:48:24+00:00\",\"mainEntityOfPage\":{\"@id\":\"https:\\\/\\\/www.deptagency.com\\\/de-dach\\\/insight\\\/frederick-braake-startet-als-strategy-director-bei-dept\\\/\"},\"wordCount\":8,\"image\":{\"@id\":\"https:\\\/\\\/www.deptagency.com\\\/de-dach\\\/insight\\\/frederick-braake-startet-als-strategy-director-bei-dept\\\/#primaryimage\"},\"thumbnailUrl\":\"https:\\\/\\\/www.deptagency.com\\\/wp-content\\\/uploads\\\/2025\\\/11\\\/Frederick-Braake-1920x1080-1.webp\",\"inLanguage\":\"de-DACH\"},{\"@type\":\"WebPage\",\"@id\":\"https:\\\/\\\/www.deptagency.com\\\/de-dach\\\/insight\\\/frederick-braake-startet-als-strategy-director-bei-dept\\\/\",\"url\":\"https:\\\/\\\/www.deptagency.com\\\/de-dach\\\/insight\\\/frederick-braake-startet-als-strategy-director-bei-dept\\\/\",\"name\":\"Frederick Braake startet als Strategy Director bei DEPT\u00ae - DEPT\u00ae\",\"isPartOf\":{\"@id\":\"https:\\\/\\\/www.deptagency.com\\\/en-uki\\\/#website\"},\"primaryImageOfPage\":{\"@id\":\"https:\\\/\\\/www.deptagency.com\\\/de-dach\\\/insight\\\/frederick-braake-startet-als-strategy-director-bei-dept\\\/#primaryimage\"},\"image\":{\"@id\":\"https:\\\/\\\/www.deptagency.com\\\/de-dach\\\/insight\\\/frederick-braake-startet-als-strategy-director-bei-dept\\\/#primaryimage\"},\"thumbnailUrl\":\"https:\\\/\\\/www.deptagency.com\\\/wp-content\\\/uploads\\\/2025\\\/11\\\/Frederick-Braake-1920x1080-1.webp\",\"datePublished\":\"2025-11-11T14:57:21+00:00\",\"dateModified\":\"2025-11-25T19:48:24+00:00\",\"description\":\"Frederick Braake startet bei DEPT\u00ae als Strategy Director Creative DACH. Er verbindet Daten, Tech und KI f\u00fcr Strategien, die zu echten kulturellen Momenten werden.\",\"breadcrumb\":{\"@id\":\"https:\\\/\\\/www.deptagency.com\\\/de-dach\\\/insight\\\/frederick-braake-startet-als-strategy-director-bei-dept\\\/#breadcrumb\"},\"inLanguage\":\"de-DACH\",\"potentialAction\":[{\"@type\":\"ReadAction\",\"target\":[\"https:\\\/\\\/www.deptagency.com\\\/de-dach\\\/insight\\\/frederick-braake-startet-als-strategy-director-bei-dept\\\/\"]}]},{\"@type\":\"ImageObject\",\"inLanguage\":\"de-DACH\",\"@id\":\"https:\\\/\\\/www.deptagency.com\\\/de-dach\\\/insight\\\/frederick-braake-startet-als-strategy-director-bei-dept\\\/#primaryimage\",\"url\":\"https:\\\/\\\/www.deptagency.com\\\/wp-content\\\/uploads\\\/2025\\\/11\\\/Frederick-Braake-1920x1080-1.webp\",\"contentUrl\":\"https:\\\/\\\/www.deptagency.com\\\/wp-content\\\/uploads\\\/2025\\\/11\\\/Frederick-Braake-1920x1080-1.webp\",\"width\":1920,\"height\":1080,\"caption\":\"Black and white portrait of Frederick Braake standing on a wooden deck, holding wildflowers.\"},{\"@type\":\"BreadcrumbList\",\"@id\":\"https:\\\/\\\/www.deptagency.com\\\/de-dach\\\/insight\\\/frederick-braake-startet-als-strategy-director-bei-dept\\\/#breadcrumb\",\"itemListElement\":[{\"@type\":\"ListItem\",\"position\":1,\"name\":\"Home\",\"item\":\"https:\\\/\\\/www.deptagency.com\\\/de-dach\\\/\"},{\"@type\":\"ListItem\",\"position\":2,\"name\":\"Frederick Braake startet als Strategy Director bei DEPT\u00ae\"}]},{\"@type\":\"WebSite\",\"@id\":\"https:\\\/\\\/www.deptagency.com\\\/en-uki\\\/#website\",\"url\":\"https:\\\/\\\/www.deptagency.com\\\/en-uki\\\/\",\"name\":\"DEPT\u00ae\",\"description\":\"\",\"potentialAction\":[{\"@type\":\"SearchAction\",\"target\":{\"@type\":\"EntryPoint\",\"urlTemplate\":\"https:\\\/\\\/www.deptagency.com\\\/en-uki\\\/?s={search_term_string}\"},\"query-input\":{\"@type\":\"PropertyValueSpecification\",\"valueRequired\":true,\"valueName\":\"search_term_string\"}}],\"inLanguage\":\"de-DACH\"},{\"@type\":\"Person\",\"@id\":\"https:\\\/\\\/www.deptagency.com\\\/en-uki\\\/#\\\/schema\\\/person\\\/a7843a24860ae3630cabe04769bb49dc\",\"name\":\"Federico Ponce\",\"image\":{\"@type\":\"ImageObject\",\"inLanguage\":\"de-DACH\",\"@id\":\"https:\\\/\\\/secure.gravatar.com\\\/avatar\\\/ef0af35873ae98bb501a30bd2752ad6e9a0d35617256e33063bb41a8c0294847?s=96&d=mm&r=g\",\"url\":\"https:\\\/\\\/secure.gravatar.com\\\/avatar\\\/ef0af35873ae98bb501a30bd2752ad6e9a0d35617256e33063bb41a8c0294847?s=96&d=mm&r=g\",\"contentUrl\":\"https:\\\/\\\/secure.gravatar.com\\\/avatar\\\/ef0af35873ae98bb501a30bd2752ad6e9a0d35617256e33063bb41a8c0294847?s=96&d=mm&r=g\",\"caption\":\"Federico Ponce\"}}]}<\/script>\n<!-- \/ Yoast SEO plugin. -->","yoast_head_json":{"title":"Frederick Braake startet als Strategy Director bei DEPT\u00ae - DEPT\u00ae","description":"Frederick Braake startet bei DEPT\u00ae als Strategy Director Creative DACH. Er verbindet Daten, Tech und KI f\u00fcr Strategien, die zu echten kulturellen Momenten werden.","robots":{"index":"index","follow":"follow","max-snippet":"max-snippet:-1","max-image-preview":"max-image-preview:large","max-video-preview":"max-video-preview:-1"},"canonical":"https:\/\/www.deptagency.com\/de-dach\/insight\/frederick-braake-startet-als-strategy-director-bei-dept\/","og_locale":"de_DE","og_type":"article","og_title":"Frederick Braake startet als Strategy Director bei DEPT\u00ae - DEPT\u00ae","og_description":"Frederick Braake startet bei DEPT\u00ae als Strategy Director Creative DACH. Er verbindet Daten, Tech und KI f\u00fcr Strategien, die zu echten kulturellen Momenten werden.","og_url":"https:\/\/www.deptagency.com\/de-dach\/insight\/frederick-braake-startet-als-strategy-director-bei-dept\/","og_site_name":"DEPT\u00ae","article_modified_time":"2025-11-25T19:48:24+00:00","og_image":[{"width":1920,"height":1080,"url":"https:\/\/www.deptagency.com\/wp-content\/uploads\/2025\/11\/Frederick-Braake-1920x1080-1.webp","type":"image\/webp"}],"twitter_card":"summary_large_image","twitter_misc":{"Est. reading time":"1 minute"},"schema":{"@context":"https:\/\/schema.org","@graph":[{"@type":"Article","@id":"https:\/\/www.deptagency.com\/de-dach\/insight\/frederick-braake-startet-als-strategy-director-bei-dept\/#article","isPartOf":{"@id":"https:\/\/www.deptagency.com\/de-dach\/insight\/frederick-braake-startet-als-strategy-director-bei-dept\/"},"author":{"name":"Federico Ponce","@id":"https:\/\/www.deptagency.com\/en-uki\/#\/schema\/person\/a7843a24860ae3630cabe04769bb49dc"},"headline":"Frederick Braake startet als Strategy Director bei DEPT\u00ae","datePublished":"2025-11-11T14:57:21+00:00","dateModified":"2025-11-25T19:48:24+00:00","mainEntityOfPage":{"@id":"https:\/\/www.deptagency.com\/de-dach\/insight\/frederick-braake-startet-als-strategy-director-bei-dept\/"},"wordCount":8,"image":{"@id":"https:\/\/www.deptagency.com\/de-dach\/insight\/frederick-braake-startet-als-strategy-director-bei-dept\/#primaryimage"},"thumbnailUrl":"https:\/\/www.deptagency.com\/wp-content\/uploads\/2025\/11\/Frederick-Braake-1920x1080-1.webp","inLanguage":"de-DACH"},{"@type":"WebPage","@id":"https:\/\/www.deptagency.com\/de-dach\/insight\/frederick-braake-startet-als-strategy-director-bei-dept\/","url":"https:\/\/www.deptagency.com\/de-dach\/insight\/frederick-braake-startet-als-strategy-director-bei-dept\/","name":"Frederick Braake startet als Strategy Director bei DEPT\u00ae - DEPT\u00ae","isPartOf":{"@id":"https:\/\/www.deptagency.com\/en-uki\/#website"},"primaryImageOfPage":{"@id":"https:\/\/www.deptagency.com\/de-dach\/insight\/frederick-braake-startet-als-strategy-director-bei-dept\/#primaryimage"},"image":{"@id":"https:\/\/www.deptagency.com\/de-dach\/insight\/frederick-braake-startet-als-strategy-director-bei-dept\/#primaryimage"},"thumbnailUrl":"https:\/\/www.deptagency.com\/wp-content\/uploads\/2025\/11\/Frederick-Braake-1920x1080-1.webp","datePublished":"2025-11-11T14:57:21+00:00","dateModified":"2025-11-25T19:48:24+00:00","description":"Frederick Braake startet bei DEPT\u00ae als Strategy Director Creative DACH. Er verbindet Daten, Tech und KI f\u00fcr Strategien, die zu echten kulturellen Momenten werden.","breadcrumb":{"@id":"https:\/\/www.deptagency.com\/de-dach\/insight\/frederick-braake-startet-als-strategy-director-bei-dept\/#breadcrumb"},"inLanguage":"de-DACH","potentialAction":[{"@type":"ReadAction","target":["https:\/\/www.deptagency.com\/de-dach\/insight\/frederick-braake-startet-als-strategy-director-bei-dept\/"]}]},{"@type":"ImageObject","inLanguage":"de-DACH","@id":"https:\/\/www.deptagency.com\/de-dach\/insight\/frederick-braake-startet-als-strategy-director-bei-dept\/#primaryimage","url":"https:\/\/www.deptagency.com\/wp-content\/uploads\/2025\/11\/Frederick-Braake-1920x1080-1.webp","contentUrl":"https:\/\/www.deptagency.com\/wp-content\/uploads\/2025\/11\/Frederick-Braake-1920x1080-1.webp","width":1920,"height":1080,"caption":"Black and white portrait of Frederick Braake standing on a wooden deck, holding wildflowers."},{"@type":"BreadcrumbList","@id":"https:\/\/www.deptagency.com\/de-dach\/insight\/frederick-braake-startet-als-strategy-director-bei-dept\/#breadcrumb","itemListElement":[{"@type":"ListItem","position":1,"name":"Home","item":"https:\/\/www.deptagency.com\/de-dach\/"},{"@type":"ListItem","position":2,"name":"Frederick Braake startet als Strategy Director bei DEPT\u00ae"}]},{"@type":"WebSite","@id":"https:\/\/www.deptagency.com\/en-uki\/#website","url":"https:\/\/www.deptagency.com\/en-uki\/","name":"DEPT\u00ae","description":"","potentialAction":[{"@type":"SearchAction","target":{"@type":"EntryPoint","urlTemplate":"https:\/\/www.deptagency.com\/en-uki\/?s={search_term_string}"},"query-input":{"@type":"PropertyValueSpecification","valueRequired":true,"valueName":"search_term_string"}}],"inLanguage":"de-DACH"},{"@type":"Person","@id":"https:\/\/www.deptagency.com\/en-uki\/#\/schema\/person\/a7843a24860ae3630cabe04769bb49dc","name":"Federico Ponce","image":{"@type":"ImageObject","inLanguage":"de-DACH","@id":"https:\/\/secure.gravatar.com\/avatar\/ef0af35873ae98bb501a30bd2752ad6e9a0d35617256e33063bb41a8c0294847?s=96&d=mm&r=g","url":"https:\/\/secure.gravatar.com\/avatar\/ef0af35873ae98bb501a30bd2752ad6e9a0d35617256e33063bb41a8c0294847?s=96&d=mm&r=g","contentUrl":"https:\/\/secure.gravatar.com\/avatar\/ef0af35873ae98bb501a30bd2752ad6e9a0d35617256e33063bb41a8c0294847?s=96&d=mm&r=g","caption":"Federico Ponce"}}]}},"_links":{"self":[{"href":"https:\/\/www.deptagency.com\/de-dach\/wp-json\/wp\/v2\/insight\/4366309","targetHints":{"allow":["GET"]}}],"collection":[{"href":"https:\/\/www.deptagency.com\/de-dach\/wp-json\/wp\/v2\/insight"}],"about":[{"href":"https:\/\/www.deptagency.com\/de-dach\/wp-json\/wp\/v2\/types\/article"}],"author":[{"embeddable":true,"href":"https:\/\/www.deptagency.com\/de-dach\/wp-json\/wp\/v2\/users\/195"}],"version-history":[{"count":10,"href":"https:\/\/www.deptagency.com\/de-dach\/wp-json\/wp\/v2\/insight\/4366309\/revisions"}],"predecessor-version":[{"id":4367886,"href":"https:\/\/www.deptagency.com\/de-dach\/wp-json\/wp\/v2\/insight\/4366309\/revisions\/4367886"}],"wp:featuredmedia":[{"embeddable":true,"href":"https:\/\/www.deptagency.com\/de-dach\/wp-json\/wp\/v2\/media\/4366297"}],"wp:attachment":[{"href":"https:\/\/www.deptagency.com\/de-dach\/wp-json\/wp\/v2\/media?parent=4366309"}],"wp:term":[{"taxonomy":"person","embeddable":true,"href":"https:\/\/www.deptagency.com\/de-dach\/wp-json\/wp\/v2\/person?post=4366309"},{"taxonomy":"insight-topic","embeddable":true,"href":"https:\/\/www.deptagency.com\/de-dach\/wp-json\/wp\/v2\/insight-topics?post=4366309"}],"curies":[{"name":"wp","href":"https:\/\/api.w.org\/{rel}","templated":true}]}}