{"id":4254973,"date":"2021-09-06T08:34:20","date_gmt":"2021-09-06T08:34:20","guid":{"rendered":"https:\/\/www.deptagency.com\/insight\/tally-weijl-und-dept-verwandeln-triste-lockdown-styles-in-glamourose-hingucker\/"},"modified":"2021-09-06T08:34:20","modified_gmt":"2021-09-06T08:34:20","slug":"tally-weijl-und-dept-verwandeln-triste-lockdown-styles-in-glamourose-hingucker","status":"publish","type":"article","link":"https:\/\/www.deptagency.com\/de-dach\/insight\/tally-weijl-und-dept-verwandeln-triste-lockdown-styles-in-glamourose-hingucker\/","title":{"rendered":"Tally Weijl und DEPT\u00ae verwandeln triste Lockdown-Styles in glamour\u00f6se Hingucker"},"content":{"rendered":"<div class=\"block-article-post-header js-block-article-post-header block-article-post-header__theme--onyxGrey\">\n\t<button\tclass=\"cta-button block-article-post-header__back-button cta-button__color--white cta-button__style--back\" aria-label=\"Zur\u00fcck\" >\n\t<svg width='41' height='41' viewBox='0 0 41 41' fill='none' xmlns='http:\/\/www.w3.org\/2000\/svg'><circle cx='20.5' cy='20.5' r='19.5' transform='rotate(-90 20.5 20.5)' stroke='var(--dept-button-icon-outline-color)' stroke-width='1.3' stroke-miterlimit='10' fill='none'\/><circle class='icon-backplate' cx='20.5' cy='20.5' r='19.5' transform='rotate(-90 20.5 20.5)' fill='var(--dept-button-icon-backplate-color)' fill-opacity='1'\/><path class='icon-center' d='M21.174 30 11 20.674l10.174-9.326m-9.326 9.328H30.5' stroke='var(--dept-button-icon-color)' stroke-width='1.3' stroke-miterlimit='10' fill='none'\/><\/svg>\n\t\t\t<span>\n\t\t\tZur\u00fcck zu allen Artikeln\t\t<\/span>\n\t\n<\/button><h1\t\tclass=\"typography block-article-post-header__title typography__color--white typography__size--h1 typography__align--left\"\n\t\t\t>\n\t\tTally Weijl und DEPT\u00ae verwandeln triste Lockdown-Styles in glamour\u00f6se Hingucker\t<\/h1><div\n\t\tclass=\"image-wrap block-article-post-header__image-wrap\"\n\t\tdata-align=\"center center\"\n\t\t\t>\n\n\t\t\t<picture\n\t\tclass=\"image__picture\"\n\t\t\t\t>\n\t\t\t\n\t\t\t\n\t\t\t\n\t\t\t<img\n\t\t\t\tsrc=\"https:\/\/www.deptagency.com\/wp-content\/uploads\/2021\/09\/HTC_ProfilePic.png\"\n\t\t\t\tclass=\"image block-article-post-header__image\"\n\n\t\t\t\t\n\t\t\t\t\t\t\t\t\tloading=\"lazy\"\n\t\t\t\t\n\t\t\t\t\n\t\t\t\t\n\t\t\t\t\t\t\t\/>\n\t\t<\/picture>\n\t\n\t<\/div><div class=\"author block-article-post-header__author\" data-animation=\"slide-fade\">\n\t\t\t<img\n\t\t\tclass=\"author__portrait\"\n\t\t\tsrc=\"https:\/\/www.deptagency.com\/wp-content\/uploads\/2021\/04\/Gesine-Meitler-Dept-02-e1627485608705-150x150.jpg\"\n\t\t\talt=\"Gesine Meitler\"\n\t\t\/>\n\t\n\t<div class=\"author__text\">\n\t\tGesine Meitler\t\t<br \/>\n\t\tBusiness Development Director, EMEA\n\t\t\t<\/div>\n<\/div>\n\t<div class=\"block-article-post-header__meta\">\n\t\t\t\t\t\t\t<div class=\"block-article-post-header__meta-date\">\n\t\t\t\t<div class=\"block-article-post-header__date-description\">\n\t\t\t\t\tDatum\t\t\t\t<\/div>\n\t\t\t\t<div class=\"block-article-post-header__published-date\">\n\t\t\t\t\t6 September 2021\t\t\t\t<\/div>\n\t\t\t<\/div>\n\t\t\t\t<\/div>\n<\/div>\n\n<div class=\"block-panel-with-image-and-rich-text\">\n\t<div class=\"block-panel-with-image-and-rich-text__left block-panel-with-image-and-rich-text__left--white\">\n\t\t<div class=\"block-panel-with-image-and-rich-text__media\">\n\t\t\t<div\n\t\tclass=\"image-wrap block-panel-with-image-and-rich-text__image-wrap\"\n\t\tdata-align=\"center center\"\n\t\t\t>\n\n\t\t\t<picture\n\t\tclass=\"image__picture\"\n\t\t\t\t>\n\t\t\t\n\t\t\t\n\t\t\t\n\t\t\t<img\n\t\t\t\tsrc=\"https:\/\/www.deptagency.com\/wp-content\/uploads\/2021\/09\/HTC_ProfilePic.png\"\n\t\t\t\tclass=\"image block-panel-with-image-and-rich-text__image\"\n\n\t\t\t\t\n\t\t\t\t\t\t\t\t\tloading=\"lazy\"\n\t\t\t\t\n\t\t\t\t\n\t\t\t\t\n\t\t\t\t\t\t\t\/>\n\t\t<\/picture>\n\t\n\t<\/div>\t\t<\/div>\n\t<\/div>\n\n\t<div class=\"block-panel-with-image-and-rich-text__right block-panel-with-image-and-rich-text__right--white\">\n\t\t\n<div class='block-panel-with-image-and-rich-text__item'><div class='block-panel-with-image-and-rich-text__item-inner'><h1 class=\"heading heading__size--s heading__align--left block-heading__heading\">\n\t\t\tDEPT\u00ae hat f\u00fcr die europ\u00e4ische Modemarke <a href=\"https:\/\/www.tally-weijl.com\/de_DE\/\">Tally Weijl<\/a> eine internationale Social Media Kampagne entwickelt, die den \u201ePost-Lockdown-Zeitgeist\u201d aufgreift. Die Modemarke setzt zum ersten Mal auf die Plattform TikTok und ruft die Nutzer:innen unter dem Hashtag #ToTallyMe dazu auf, ihren Jogginghosen-Look\u00a0 gegen einen glamour\u00f6sen Hingucker aus der Tally Weijl Kollektion zu tauschen.\t<\/h1><\/div><\/div>\n\n<div class='block-panel-with-image-and-rich-text__item'><div class='block-panel-with-image-and-rich-text__item-inner'><p class=\"paragraph paragraph__size--default paragraph__align--left block-paragraph__paragraph\">Hierf\u00fcr entwickelte DEPT\u00ae unter anderem eine interaktive AR-Linse. F\u00fcr weitreichende Sichtbarkeit der Kampagne sorgt die Zusammenarbeit mit 11 angesehenen europ\u00e4ischen TikTok-Creators, darunter <a href=\"https:\/\/www.tiktok.com\/@millanef\" target=\"_blank\" rel=\"noreferrer noopener\">Millanef<\/a>, <a href=\"https:\/\/www.tiktok.com\/@andrea_subotic\" target=\"_blank\" rel=\"noreferrer noopener\">Andrea Subotic<\/a> und <a href=\"https:\/\/www.tiktok.com\/@sosopinkypie\" target=\"_blank\" rel=\"noreferrer noopener\">So So Pinky Pie<\/a>, die sich ebenfalls der Transformation Challenge stellen, sowie weitere umfassende Aktivierungsma\u00dfnahmen.<br><br>Lara Gruering, Director of Brand Marketing bei Tally Weijl: \u201eWir sind immer auf der Suche nach neuen und aufregenden Content-Partnerschaften, um eine sinnvolle Verbindung mit dem Online- und Offline-Publikum aufzubauen. Neben der F\u00f6rderung von kurzen, ungefilterten Videos hat TikTok eine Welle von spannenden Content-Trends ausgel\u00f6st. Und wir freuen uns sehr mit der #ToTallyMe Kampagne diesen Trend aufgreifen zu k\u00f6nnen.\u201d<br>\u00a0<br>Die Gesch\u00e4ftsf\u00fchrerin von DEPT\u00ae Berlin, Joanna Trippett, f\u00fcgt hinzu: \u201eMit der #ToTallyMe Kampagne haben wir das volle Potential von TikTok als Plattform ausgesch\u00f6pft: Die Kombination aus Hashtag-Challenge, der Zusammenarbeit mit Creators, Ads und der interaktiven AR-Anwendung schafft ein ganzheitliches \u00d6kosystem und ein ansprechendes Erlebnis f\u00fcr TikTok-Nutzer:innen.&#8221;<\/p><\/div><\/div>\n\t<\/div>\n<\/div>\n\n<div class=\"block-highlighted-item-listing\">\n\t<h2\t\tclass=\"typography block-highlighted-item-listing__title typography__color--onyxGrey typography__size--regular-body typography__align--left\"\n\t\t\t>\n\t\tMehr Artikel?\t<\/h2><a\tclass=\"cta-button block-highlighted-item-listing__cta-button cta-button__color--onyxGrey cta-button__style--regular\" href=\"https:\/\/www.deptagency.com\/de-dach\/alle-insights\/\" >\n\t\n\t\t\t<span>\n\t\t\tAlle Artikel ansehen\t\t<\/span>\n\t\n<\/a>\n\t<div class=\"block-highlighted-item-listing__cards\">\n\t\t<a\tclass=\"universal-item-card universal-item-card__type--article universal-item-card--has-link-decoration\"\n\tdata-theme=\"white\"\n\t\t\thref=\"https:\/\/www.deptagency.com\/de-dach\/insight\/dept-ist-webby-agency-network-of-the-year\/\"\n\t\t\t\ttitle=\"DEPT\u00ae ist Webby \u201eAgency &amp; Network of the Year\u201c 2026\"\n\t\t>\n\t\t\t<div class=\"universal-item-card__backplate universal-item-card__backplate--with-image\"><\/div>\n\t\n\t<div\n\t\tclass=\"image-wrap universal-item-card__image-wrap\"\n\t\tdata-align=\"center center\"\n\t\t\t>\n\n\t\t\t<picture\n\t\tclass=\"image__picture\"\n\t\t\t\t>\n\t\t\t\n\t\t\t\n\t\t\t\n\t\t\t<img\n\t\t\t\tsrc=\"https:\/\/www.deptagency.com\/wp-content\/uploads\/2026\/04\/webby-winners-dept-2026.webp\"\n\t\t\t\tclass=\"image universal-item-card__image\"\n\n\t\t\t\t\t\t\t\talt=\"DEPT\u00ae ist Webby \u201eAgency &amp; Network of the Year\u201c 2026\"\n\t\t\t\t\n\t\t\t\t\t\t\t\t\tloading=\"lazy\"\n\t\t\t\t\n\t\t\t\t\n\t\t\t\t\n\t\t\t\t\t\t\t\/>\n\t\t<\/picture>\n\t\n\t<\/div><p\t\tclass=\"typography universal-item-card__meta typography__color--darkGrey typography__size--eyebrow-lc typography__align--left\"\n\t\t\t>\n\t\tNEWS&emsp;\u2022&emsp;Marjan Straathof\t<\/p><h3\t\tclass=\"typography universal-item-card__title typography__color--onyxGrey typography__size--h6 typography__align--left\"\n\t\t\t>\n\t\t<span>DEPT\u00ae ist Webby \u201eAgency &amp; Network of the Year\u201c 2026<\/span>\t<\/h3><button\tclass=\"cta-button universal-item-card__btn cta-button__color--onyxGrey cta-button__style--regular has-parent-hover\" >\n\t\n\t\t\t<span>\n\t\t\tArtikel lesen\t\t<\/span>\n\t\n<\/button>\n\t\n\t<\/a><a\tclass=\"universal-item-card universal-item-card__type--article universal-item-card--has-link-decoration\"\n\tdata-theme=\"white\"\n\t\t\thref=\"https:\/\/www.deptagency.com\/de-dach\/insight\/dept-bringt-growth-invention-auf-die-webby-shortlists\/\"\n\t\t\t\ttitle=\"DEPT\u00ae bringt Growth Invention mit 20 Nominierungen auf die Webby Shortlist\"\n\t\t>\n\t\t\t<div class=\"universal-item-card__backplate universal-item-card__backplate--with-image\"><\/div>\n\t\n\t<div\n\t\tclass=\"image-wrap universal-item-card__image-wrap\"\n\t\tdata-align=\"center center\"\n\t\t\t>\n\n\t\t\t<picture\n\t\tclass=\"image__picture\"\n\t\t\t\t>\n\t\t\t\n\t\t\t\n\t\t\t\n\t\t\t<img\n\t\t\t\tsrc=\"https:\/\/www.deptagency.com\/wp-content\/uploads\/2026\/03\/webbys-2026-dept.webp\"\n\t\t\t\tclass=\"image universal-item-card__image\"\n\n\t\t\t\t\t\t\t\talt=\"DEPT\u00ae bringt Growth Invention mit 20 Nominierungen auf die Webby Shortlist\"\n\t\t\t\t\n\t\t\t\t\t\t\t\t\tloading=\"lazy\"\n\t\t\t\t\n\t\t\t\t\n\t\t\t\t\n\t\t\t\t\t\t\t\/>\n\t\t<\/picture>\n\t\n\t<\/div><p\t\tclass=\"typography universal-item-card__meta typography__color--darkGrey typography__size--eyebrow-lc typography__align--left\"\n\t\t\t>\n\t\tNEWS&emsp;\u2022&emsp;Marjan Straathof\t<\/p><h3\t\tclass=\"typography universal-item-card__title typography__color--onyxGrey typography__size--h6 typography__align--left\"\n\t\t\t>\n\t\t<span>DEPT\u00ae bringt Growth Invention mit 20 Nominierungen auf die Webby Shortlist<\/span>\t<\/h3><button\tclass=\"cta-button universal-item-card__btn cta-button__color--onyxGrey cta-button__style--regular has-parent-hover\" >\n\t\n\t\t\t<span>\n\t\t\tArtikel lesen\t\t<\/span>\n\t\n<\/button>\n\t\n\t<\/a><a\tclass=\"universal-item-card universal-item-card__type--article universal-item-card--has-link-decoration\"\n\tdata-theme=\"white\"\n\t\t\thref=\"https:\/\/www.deptagency.com\/de-dach\/insight\/dept-ernennt-roy-armale-chief-product-officer\/\"\n\t\t\t\ttitle=\"DEPT\u00ae ernennt Roy Armale zum Chief Product Officer, um sein Growth Invention Model weiter zu skalieren\"\n\t\t>\n\t\t\t<div class=\"universal-item-card__backplate universal-item-card__backplate--with-image\"><\/div>\n\t\n\t<div\n\t\tclass=\"image-wrap universal-item-card__image-wrap\"\n\t\tdata-align=\"center center\"\n\t\t\t>\n\n\t\t\t<picture\n\t\tclass=\"image__picture\"\n\t\t\t\t>\n\t\t\t\n\t\t\t\n\t\t\t\n\t\t\t<img\n\t\t\t\tsrc=\"https:\/\/www.deptagency.com\/wp-content\/uploads\/2026\/03\/Roy-Armale-Inisght-1920x1080-1.webp\"\n\t\t\t\tclass=\"image universal-item-card__image\"\n\n\t\t\t\t\t\t\t\talt=\"DEPT\u00ae ernennt Roy Armale zum Chief Product Officer, um sein Growth Invention Model weiter zu skalieren\"\n\t\t\t\t\n\t\t\t\t\t\t\t\t\tloading=\"lazy\"\n\t\t\t\t\n\t\t\t\t\n\t\t\t\t\n\t\t\t\t\t\t\t\/>\n\t\t<\/picture>\n\t\n\t<\/div><p\t\tclass=\"typography universal-item-card__meta typography__color--darkGrey typography__size--eyebrow-lc typography__align--left\"\n\t\t\t>\n\t\tNEWS&emsp;\u2022&emsp;In\u00eas Saraiva\t<\/p><h3\t\tclass=\"typography universal-item-card__title typography__color--onyxGrey typography__size--h6 typography__align--left\"\n\t\t\t>\n\t\t<span>DEPT\u00ae ernennt Roy Armale zum Chief Product Officer, um sein Growth Invention Model weiter zu skalieren<\/span>\t<\/h3><button\tclass=\"cta-button universal-item-card__btn cta-button__color--onyxGrey cta-button__style--regular has-parent-hover\" >\n\t\n\t\t\t<span>\n\t\t\tArtikel lesen\t\t<\/span>\n\t\n<\/button>\n\t\n\t<\/a>\t<\/div>\n<\/div>\n\n<div class=\"block-get-in-touch js-block-get-in-touch\">\n\t<div class=\"block-get-in-touch__column block-get-in-touch__column--left block-get-in-touch__column--richBlack\">\n\t\t<h2 class=\"heading heading__color--white heading__size--xl heading__align--left block-get-in-touch__heading\">\n\t\t\tFragen?\t<\/h2>\t<\/div>\n\n\t<div class=\"block-get-in-touch__column block-get-in-touch__column--right block-get-in-touch__column--white\">\n\t<div\n\t\tclass=\"image-wrap block-get-in-touch__image-wrap\"\n\t\tdata-align=\"top center\"\n\t\t\t>\n\n\t\t\t<div style=\"background-image:url(https:\/\/www.deptagency.com\/wp-content\/uploads\/2021\/04\/Gesine-Meitler-Dept-02-e1627485608705.jpg)\" class=\"image image--bg block-get-in-touch__image\" ><\/div>\n\t\n\t<\/div>\t\t\t<div class=\"block-get-in-touch__specialist\">\n\t\t\t\t<p class=\"heading heading__color--richBlack heading__size--xxs heading__align--left block-get-in-touch__subtitle\">\n\t\t\tBusiness Development Director, EMEA\t<\/p><h3 class=\"heading heading__color--richBlack heading__size--m heading__align--left block-get-in-touch__person-title\">\n\t\t\tGesine Meitler\t<\/h3>\t\t\t<\/div>\n\t\t\n\t\t<button\tclass=\"cta-bar block-get-in-touch__cta-bar js-cta-bar\"\n\tid=\"block-get-in-touch-1dae649db01da8b052f805671c7d1f9c\"\n\ttitle=\"Jetzt Kontakt aufnehmen\"\n\taria-label=\"\"\n\t\t>\n\t<div class=\"cta-bar__container cta-bar__container--size--default\">\n\t\t<div class=\"cta-bar__content\">\n\t\t\t<span class=\"cta-bar__label\">\n\t\t\t\tJetzt Kontakt aufnehmen\t\t\t<\/span>\n\t\t\t<i class=\"icon icon icon__color--white icon__size--small icon__arrow-right-circle cta-bar__icon cta-bar__icon\">\n\t<svg width='24' height='24' fill='none' viewBox='0 0 24 24' xmlns='http:\/\/www.w3.org\/2000\/svg'><g class='symbol'><path d='M11.5215 17.2609L17.2607 12L11.5215 6.73912' stroke='currentColor' stroke-width='1.5' stroke-miterlimit='10'\/><path d='M16.7827 12L6.26099 12' stroke='currentColor' stroke-width='1.5' stroke-miterlimit='10'\/><circle cx='12' cy='12' r='11' stroke='currentColor' stroke-width='1.5' stroke-miterlimit='10'\/><\/g><path class='symbol-hover' fill-rule='evenodd' clip-rule='evenodd' d='M23 12C23 5.92487 18.0751 0.999999 12 1C5.92487 1 1 5.92487 1 12C1 18.0751 5.92487 23 12 23C18.0751 23 23 18.0751 23 12ZM17.7674 11.4471L12.0283 6.18627L11.0147 7.292L15.3326 11.25L6.26099 11.25L6.26099 12.75L15.3326 12.75L11.0147 16.708L12.0283 17.8137L17.7675 12.5529L18.3706 12L17.7674 11.4471Z' fill='currentColor'\/><\/svg><\/i>\t\t<\/div>\n\t<\/div>\n<\/button>\t<\/div>\n<\/div>\n\n<div\n\tclass=\"flyout-drawer js-flyout-drawer flyout-drawer__position--right\"\n\tdata-trigger=\"#block-get-in-touch-1dae649db01da8b052f805671c7d1f9c\"\n\tdata-instant-open=\"false\"\n>\n\t<div class=\"flyout-drawer__left-mobile-backplate\"><\/div>\n\t<div class=\"flyout-drawer__left-backplate\"><\/div>\n\n\t\t<div class=\"flyout-drawer__left\"><\/div>\n\n\t<button\tclass=\"cta-button flyout-drawer__close cta-button__color--white cta-button__style--text-and-icon js-drawer-close has-flipped-icon\" aria-label=\"Schlie\u00dfen\" >\n\t<svg width='21' height='21' viewBox='0 0 21 21' fill='none' xmlns='http:\/\/www.w3.org\/2000\/svg'><circle cx='10.5' cy='10.5' r='9.5' transform='rotate(-90 10.5 10.5)' stroke='var(--dept-button-icon-outline-color)' stroke-width='1.3' stroke-miterlimit='10' fill='none'\/><circle class='icon-backplate' cx='10.5' cy='10.5' r='9.5' transform='rotate(-90 10.5 10.5)' fill='var(--dept-button-icon-backplate-color)' fill-opacity='1'\/><path class='icon-center' d='m14 7-7 7m0-7 7 7' stroke='var(--dept-button-icon-color)' stroke-width='1.5' fill='none'\/><\/svg>\n\t\t\t<span>\n\t\t\tSchlie\u00dfen\t\t<\/span>\n\t\n<\/button>\n\t<div class=\"flyout-drawer__right\">\n\t\t<div class=\"pardot-forms block-get-in-touch__pardot-forms js-pardot-forms has-picker\">\n\t\t\t<form action=\"\" class=\"pardot-forms__picker block-get-in-touch__picker js-pardot-forms-picker\" method=\"POST\">\n\t\t\t\t\t<\/form>\n\t\t<iframe\n\t\tdata-initial-src=\"\"\n\t\tclass=\"pardot-forms__embed block-get-in-touch__embed js-pardot-forms-embed\"\n\t\ttype=\"text\/html\"\n\t><\/iframe>\n\t<div class=\"loader pardot-forms__loader loader__color--hanPurple js-pardot-forms-loader\">\n\t<div class=\"loader__first\"><\/div>\n\t<div class=\"loader__second\"><\/div>\n<\/div><\/div>\t<\/div>\n\n\t<button\tclass=\"cta-button flyout-drawer__back cta-button__color--onyxGrey cta-button__style--text-and-icon js-drawer-back has-small-icon\" aria-label=\"Zur\u00fcck\" >\n\t<svg width='41' height='41' viewBox='0 0 41 41' fill='none' xmlns='http:\/\/www.w3.org\/2000\/svg'><circle cx='20.5' cy='20.5' r='19.5' transform='rotate(-90 20.5 20.5)' stroke='var(--dept-button-icon-outline-color)' stroke-width='1.3' stroke-miterlimit='10' fill='none'\/><circle class='icon-backplate' cx='20.5' cy='20.5' r='19.5' transform='rotate(-90 20.5 20.5)' fill='var(--dept-button-icon-backplate-color)' fill-opacity='1'\/><path class='icon-center' d='M21.174 30 11 20.674l10.174-9.326m-9.326 9.328H30.5' stroke='var(--dept-button-icon-color)' stroke-width='1.3' stroke-miterlimit='10' fill='none'\/><\/svg>\n\t\t\t<span>\n\t\t\tZur\u00fcck\t\t<\/span>\n\t\n<\/button><\/div>","protected":false},"excerpt":{"rendered":"","protected":false},"author":1,"featured_media":4254975,"template":"","meta":{"_acf_changed":false,"es_utils_meta_schema":"","member_job_title":"","member_linkedin_url":"","dept_alt_featured_image":[],"dept_algolia_noindex":false,"dept_algolia_featured":false,"footnotes":""},"person":[833],"insight-topics":[42452],"class_list":["post-4254973","article","type-article","status-publish","has-post-thumbnail","hentry"],"acf":{"dept_is_3q_page":false,"dept_insight_featured":true,"dept_current_cpt_partner":null},"yoast_head":"<!-- This site is optimized with the Yoast SEO plugin v27.3 - https:\/\/yoast.com\/product\/yoast-seo-wordpress\/ -->\n<title>Tally Weijl und DEPT\u00ae verwandeln triste Lockdown-Styles in glamour\u00f6se Hingucker - DEPT\u00ae<\/title>\n<meta name=\"description\" content=\"DEPT\u00ae hat f\u00fcr die Modemarke Tally Weijl eine internationale Social Media Kampagne mit \u201ePost-Lockdown-Zeitgeist\u201d entwickelt.\" \/>\n<meta name=\"robots\" content=\"index, follow, max-snippet:-1, max-image-preview:large, max-video-preview:-1\" \/>\n<link rel=\"canonical\" href=\"https:\/\/www.deptagency.com\/de-dach\/insight\/tally-weijl-und-dept-verwandeln-triste-lockdown-styles-in-glamourose-hingucker\/\" \/>\n<meta property=\"og:locale\" content=\"de_DE\" \/>\n<meta property=\"og:type\" content=\"article\" \/>\n<meta property=\"og:title\" content=\"Tally Weijl und DEPT\u00ae verwandeln triste Lockdown-Styles in glamour\u00f6se Hingucker - DEPT\u00ae\" \/>\n<meta property=\"og:description\" content=\"DEPT\u00ae hat f\u00fcr die Modemarke Tally Weijl eine internationale Social Media Kampagne mit \u201ePost-Lockdown-Zeitgeist\u201d entwickelt.\" \/>\n<meta property=\"og:url\" content=\"https:\/\/www.deptagency.com\/de-dach\/insight\/tally-weijl-und-dept-verwandeln-triste-lockdown-styles-in-glamourose-hingucker\/\" \/>\n<meta property=\"og:site_name\" content=\"DEPT\u00ae\" \/>\n<meta property=\"og:image\" content=\"https:\/\/www.deptagency.com\/wp-content\/uploads\/2021\/09\/HTC_ProfilePic.png\" \/>\n\t<meta property=\"og:image:width\" content=\"750\" \/>\n\t<meta property=\"og:image:height\" content=\"800\" \/>\n\t<meta property=\"og:image:type\" content=\"image\/png\" \/>\n<meta name=\"twitter:card\" content=\"summary_large_image\" \/>\n<script type=\"application\/ld+json\" class=\"yoast-schema-graph\">{\"@context\":\"https:\\\/\\\/schema.org\",\"@graph\":[{\"@type\":\"Article\",\"@id\":\"https:\\\/\\\/www.deptagency.com\\\/de-dach\\\/insight\\\/tally-weijl-und-dept-verwandeln-triste-lockdown-styles-in-glamourose-hingucker\\\/#article\",\"isPartOf\":{\"@id\":\"https:\\\/\\\/www.deptagency.com\\\/de-dach\\\/insight\\\/tally-weijl-und-dept-verwandeln-triste-lockdown-styles-in-glamourose-hingucker\\\/\"},\"author\":{\"name\":\"deptagency\",\"@id\":\"https:\\\/\\\/www.deptagency.com\\\/en-uki\\\/#\\\/schema\\\/person\\\/a27e34308c442620cedf554c42b7cc25\"},\"headline\":\"Tally Weijl und DEPT\u00ae verwandeln triste Lockdown-Styles in glamour\u00f6se Hingucker\",\"datePublished\":\"2021-09-06T08:34:20+00:00\",\"mainEntityOfPage\":{\"@id\":\"https:\\\/\\\/www.deptagency.com\\\/de-dach\\\/insight\\\/tally-weijl-und-dept-verwandeln-triste-lockdown-styles-in-glamourose-hingucker\\\/\"},\"wordCount\":11,\"image\":{\"@id\":\"https:\\\/\\\/www.deptagency.com\\\/de-dach\\\/insight\\\/tally-weijl-und-dept-verwandeln-triste-lockdown-styles-in-glamourose-hingucker\\\/#primaryimage\"},\"thumbnailUrl\":\"https:\\\/\\\/www.deptagency.com\\\/wp-content\\\/uploads\\\/2021\\\/09\\\/HTC_ProfilePic.png\",\"inLanguage\":\"de-DACH\"},{\"@type\":\"WebPage\",\"@id\":\"https:\\\/\\\/www.deptagency.com\\\/de-dach\\\/insight\\\/tally-weijl-und-dept-verwandeln-triste-lockdown-styles-in-glamourose-hingucker\\\/\",\"url\":\"https:\\\/\\\/www.deptagency.com\\\/de-dach\\\/insight\\\/tally-weijl-und-dept-verwandeln-triste-lockdown-styles-in-glamourose-hingucker\\\/\",\"name\":\"Tally Weijl und DEPT\u00ae verwandeln triste Lockdown-Styles in glamour\u00f6se Hingucker - DEPT\u00ae\",\"isPartOf\":{\"@id\":\"https:\\\/\\\/www.deptagency.com\\\/en-uki\\\/#website\"},\"primaryImageOfPage\":{\"@id\":\"https:\\\/\\\/www.deptagency.com\\\/de-dach\\\/insight\\\/tally-weijl-und-dept-verwandeln-triste-lockdown-styles-in-glamourose-hingucker\\\/#primaryimage\"},\"image\":{\"@id\":\"https:\\\/\\\/www.deptagency.com\\\/de-dach\\\/insight\\\/tally-weijl-und-dept-verwandeln-triste-lockdown-styles-in-glamourose-hingucker\\\/#primaryimage\"},\"thumbnailUrl\":\"https:\\\/\\\/www.deptagency.com\\\/wp-content\\\/uploads\\\/2021\\\/09\\\/HTC_ProfilePic.png\",\"datePublished\":\"2021-09-06T08:34:20+00:00\",\"description\":\"DEPT\u00ae hat f\u00fcr die Modemarke Tally Weijl eine internationale Social Media Kampagne mit \u201ePost-Lockdown-Zeitgeist\u201d entwickelt.\",\"breadcrumb\":{\"@id\":\"https:\\\/\\\/www.deptagency.com\\\/de-dach\\\/insight\\\/tally-weijl-und-dept-verwandeln-triste-lockdown-styles-in-glamourose-hingucker\\\/#breadcrumb\"},\"inLanguage\":\"de-DACH\",\"potentialAction\":[{\"@type\":\"ReadAction\",\"target\":[\"https:\\\/\\\/www.deptagency.com\\\/de-dach\\\/insight\\\/tally-weijl-und-dept-verwandeln-triste-lockdown-styles-in-glamourose-hingucker\\\/\"]}]},{\"@type\":\"ImageObject\",\"inLanguage\":\"de-DACH\",\"@id\":\"https:\\\/\\\/www.deptagency.com\\\/de-dach\\\/insight\\\/tally-weijl-und-dept-verwandeln-triste-lockdown-styles-in-glamourose-hingucker\\\/#primaryimage\",\"url\":\"https:\\\/\\\/www.deptagency.com\\\/wp-content\\\/uploads\\\/2021\\\/09\\\/HTC_ProfilePic.png\",\"contentUrl\":\"https:\\\/\\\/www.deptagency.com\\\/wp-content\\\/uploads\\\/2021\\\/09\\\/HTC_ProfilePic.png\",\"width\":750,\"height\":800},{\"@type\":\"BreadcrumbList\",\"@id\":\"https:\\\/\\\/www.deptagency.com\\\/de-dach\\\/insight\\\/tally-weijl-und-dept-verwandeln-triste-lockdown-styles-in-glamourose-hingucker\\\/#breadcrumb\",\"itemListElement\":[{\"@type\":\"ListItem\",\"position\":1,\"name\":\"Home\",\"item\":\"https:\\\/\\\/www.deptagency.com\\\/de-dach\\\/\"},{\"@type\":\"ListItem\",\"position\":2,\"name\":\"Tally Weijl und DEPT\u00ae verwandeln triste Lockdown-Styles in glamour\u00f6se Hingucker\"}]},{\"@type\":\"WebSite\",\"@id\":\"https:\\\/\\\/www.deptagency.com\\\/en-uki\\\/#website\",\"url\":\"https:\\\/\\\/www.deptagency.com\\\/en-uki\\\/\",\"name\":\"DEPT\u00ae\",\"description\":\"\",\"potentialAction\":[{\"@type\":\"SearchAction\",\"target\":{\"@type\":\"EntryPoint\",\"urlTemplate\":\"https:\\\/\\\/www.deptagency.com\\\/en-uki\\\/?s={search_term_string}\"},\"query-input\":{\"@type\":\"PropertyValueSpecification\",\"valueRequired\":true,\"valueName\":\"search_term_string\"}}],\"inLanguage\":\"de-DACH\"},{\"@type\":\"Person\",\"@id\":\"https:\\\/\\\/www.deptagency.com\\\/en-uki\\\/#\\\/schema\\\/person\\\/a27e34308c442620cedf554c42b7cc25\",\"name\":\"deptagency\",\"image\":{\"@type\":\"ImageObject\",\"inLanguage\":\"de-DACH\",\"@id\":\"https:\\\/\\\/secure.gravatar.com\\\/avatar\\\/8886830df30b95ca73d803615e326acd8e70a6b55a0e29f2c89ff4b7f54553b2?s=96&d=mm&r=g\",\"url\":\"https:\\\/\\\/secure.gravatar.com\\\/avatar\\\/8886830df30b95ca73d803615e326acd8e70a6b55a0e29f2c89ff4b7f54553b2?s=96&d=mm&r=g\",\"contentUrl\":\"https:\\\/\\\/secure.gravatar.com\\\/avatar\\\/8886830df30b95ca73d803615e326acd8e70a6b55a0e29f2c89ff4b7f54553b2?s=96&d=mm&r=g\",\"caption\":\"deptagency\"},\"sameAs\":[\"https:\\\/\\\/www.deptagency.com\"]}]}<\/script>\n<!-- \/ Yoast SEO plugin. -->","yoast_head_json":{"title":"Tally Weijl und DEPT\u00ae verwandeln triste Lockdown-Styles in glamour\u00f6se Hingucker - DEPT\u00ae","description":"DEPT\u00ae hat f\u00fcr die Modemarke Tally Weijl eine internationale Social Media Kampagne mit \u201ePost-Lockdown-Zeitgeist\u201d entwickelt.","robots":{"index":"index","follow":"follow","max-snippet":"max-snippet:-1","max-image-preview":"max-image-preview:large","max-video-preview":"max-video-preview:-1"},"canonical":"https:\/\/www.deptagency.com\/de-dach\/insight\/tally-weijl-und-dept-verwandeln-triste-lockdown-styles-in-glamourose-hingucker\/","og_locale":"de_DE","og_type":"article","og_title":"Tally Weijl und DEPT\u00ae verwandeln triste Lockdown-Styles in glamour\u00f6se Hingucker - DEPT\u00ae","og_description":"DEPT\u00ae hat f\u00fcr die Modemarke Tally Weijl eine internationale Social Media Kampagne mit \u201ePost-Lockdown-Zeitgeist\u201d entwickelt.","og_url":"https:\/\/www.deptagency.com\/de-dach\/insight\/tally-weijl-und-dept-verwandeln-triste-lockdown-styles-in-glamourose-hingucker\/","og_site_name":"DEPT\u00ae","og_image":[{"width":750,"height":800,"url":"https:\/\/www.deptagency.com\/wp-content\/uploads\/2021\/09\/HTC_ProfilePic.png","type":"image\/png"}],"twitter_card":"summary_large_image","schema":{"@context":"https:\/\/schema.org","@graph":[{"@type":"Article","@id":"https:\/\/www.deptagency.com\/de-dach\/insight\/tally-weijl-und-dept-verwandeln-triste-lockdown-styles-in-glamourose-hingucker\/#article","isPartOf":{"@id":"https:\/\/www.deptagency.com\/de-dach\/insight\/tally-weijl-und-dept-verwandeln-triste-lockdown-styles-in-glamourose-hingucker\/"},"author":{"name":"deptagency","@id":"https:\/\/www.deptagency.com\/en-uki\/#\/schema\/person\/a27e34308c442620cedf554c42b7cc25"},"headline":"Tally Weijl und DEPT\u00ae verwandeln triste Lockdown-Styles in glamour\u00f6se Hingucker","datePublished":"2021-09-06T08:34:20+00:00","mainEntityOfPage":{"@id":"https:\/\/www.deptagency.com\/de-dach\/insight\/tally-weijl-und-dept-verwandeln-triste-lockdown-styles-in-glamourose-hingucker\/"},"wordCount":11,"image":{"@id":"https:\/\/www.deptagency.com\/de-dach\/insight\/tally-weijl-und-dept-verwandeln-triste-lockdown-styles-in-glamourose-hingucker\/#primaryimage"},"thumbnailUrl":"https:\/\/www.deptagency.com\/wp-content\/uploads\/2021\/09\/HTC_ProfilePic.png","inLanguage":"de-DACH"},{"@type":"WebPage","@id":"https:\/\/www.deptagency.com\/de-dach\/insight\/tally-weijl-und-dept-verwandeln-triste-lockdown-styles-in-glamourose-hingucker\/","url":"https:\/\/www.deptagency.com\/de-dach\/insight\/tally-weijl-und-dept-verwandeln-triste-lockdown-styles-in-glamourose-hingucker\/","name":"Tally Weijl und DEPT\u00ae verwandeln triste Lockdown-Styles in glamour\u00f6se Hingucker - DEPT\u00ae","isPartOf":{"@id":"https:\/\/www.deptagency.com\/en-uki\/#website"},"primaryImageOfPage":{"@id":"https:\/\/www.deptagency.com\/de-dach\/insight\/tally-weijl-und-dept-verwandeln-triste-lockdown-styles-in-glamourose-hingucker\/#primaryimage"},"image":{"@id":"https:\/\/www.deptagency.com\/de-dach\/insight\/tally-weijl-und-dept-verwandeln-triste-lockdown-styles-in-glamourose-hingucker\/#primaryimage"},"thumbnailUrl":"https:\/\/www.deptagency.com\/wp-content\/uploads\/2021\/09\/HTC_ProfilePic.png","datePublished":"2021-09-06T08:34:20+00:00","description":"DEPT\u00ae hat f\u00fcr die Modemarke Tally Weijl eine internationale Social Media Kampagne mit \u201ePost-Lockdown-Zeitgeist\u201d entwickelt.","breadcrumb":{"@id":"https:\/\/www.deptagency.com\/de-dach\/insight\/tally-weijl-und-dept-verwandeln-triste-lockdown-styles-in-glamourose-hingucker\/#breadcrumb"},"inLanguage":"de-DACH","potentialAction":[{"@type":"ReadAction","target":["https:\/\/www.deptagency.com\/de-dach\/insight\/tally-weijl-und-dept-verwandeln-triste-lockdown-styles-in-glamourose-hingucker\/"]}]},{"@type":"ImageObject","inLanguage":"de-DACH","@id":"https:\/\/www.deptagency.com\/de-dach\/insight\/tally-weijl-und-dept-verwandeln-triste-lockdown-styles-in-glamourose-hingucker\/#primaryimage","url":"https:\/\/www.deptagency.com\/wp-content\/uploads\/2021\/09\/HTC_ProfilePic.png","contentUrl":"https:\/\/www.deptagency.com\/wp-content\/uploads\/2021\/09\/HTC_ProfilePic.png","width":750,"height":800},{"@type":"BreadcrumbList","@id":"https:\/\/www.deptagency.com\/de-dach\/insight\/tally-weijl-und-dept-verwandeln-triste-lockdown-styles-in-glamourose-hingucker\/#breadcrumb","itemListElement":[{"@type":"ListItem","position":1,"name":"Home","item":"https:\/\/www.deptagency.com\/de-dach\/"},{"@type":"ListItem","position":2,"name":"Tally Weijl und DEPT\u00ae verwandeln triste Lockdown-Styles in glamour\u00f6se Hingucker"}]},{"@type":"WebSite","@id":"https:\/\/www.deptagency.com\/en-uki\/#website","url":"https:\/\/www.deptagency.com\/en-uki\/","name":"DEPT\u00ae","description":"","potentialAction":[{"@type":"SearchAction","target":{"@type":"EntryPoint","urlTemplate":"https:\/\/www.deptagency.com\/en-uki\/?s={search_term_string}"},"query-input":{"@type":"PropertyValueSpecification","valueRequired":true,"valueName":"search_term_string"}}],"inLanguage":"de-DACH"},{"@type":"Person","@id":"https:\/\/www.deptagency.com\/en-uki\/#\/schema\/person\/a27e34308c442620cedf554c42b7cc25","name":"deptagency","image":{"@type":"ImageObject","inLanguage":"de-DACH","@id":"https:\/\/secure.gravatar.com\/avatar\/8886830df30b95ca73d803615e326acd8e70a6b55a0e29f2c89ff4b7f54553b2?s=96&d=mm&r=g","url":"https:\/\/secure.gravatar.com\/avatar\/8886830df30b95ca73d803615e326acd8e70a6b55a0e29f2c89ff4b7f54553b2?s=96&d=mm&r=g","contentUrl":"https:\/\/secure.gravatar.com\/avatar\/8886830df30b95ca73d803615e326acd8e70a6b55a0e29f2c89ff4b7f54553b2?s=96&d=mm&r=g","caption":"deptagency"},"sameAs":["https:\/\/www.deptagency.com"]}]}},"_links":{"self":[{"href":"https:\/\/www.deptagency.com\/de-dach\/wp-json\/wp\/v2\/insight\/4254973","targetHints":{"allow":["GET"]}}],"collection":[{"href":"https:\/\/www.deptagency.com\/de-dach\/wp-json\/wp\/v2\/insight"}],"about":[{"href":"https:\/\/www.deptagency.com\/de-dach\/wp-json\/wp\/v2\/types\/article"}],"author":[{"embeddable":true,"href":"https:\/\/www.deptagency.com\/de-dach\/wp-json\/wp\/v2\/users\/1"}],"version-history":[{"count":0,"href":"https:\/\/www.deptagency.com\/de-dach\/wp-json\/wp\/v2\/insight\/4254973\/revisions"}],"wp:featuredmedia":[{"embeddable":true,"href":"https:\/\/www.deptagency.com\/de-dach\/wp-json\/wp\/v2\/media\/4254975"}],"wp:attachment":[{"href":"https:\/\/www.deptagency.com\/de-dach\/wp-json\/wp\/v2\/media?parent=4254973"}],"wp:term":[{"taxonomy":"person","embeddable":true,"href":"https:\/\/www.deptagency.com\/de-dach\/wp-json\/wp\/v2\/person?post=4254973"},{"taxonomy":"insight-topic","embeddable":true,"href":"https:\/\/www.deptagency.com\/de-dach\/wp-json\/wp\/v2\/insight-topics?post=4254973"}],"curies":[{"name":"wp","href":"https:\/\/api.w.org\/{rel}","templated":true}]}}